[{"@context":"https:\/\/schema.org\/","@type":"Article","@id":"https:\/\/www.mpzp.cz\/vanoce-v-pohodli-domova\/#Article","mainEntityOfPage":"https:\/\/www.mpzp.cz\/vanoce-v-pohodli-domova\/","headline":"V\u00e1noce v pohodl\u00ed domova","name":"V\u00e1noce v pohodl\u00ed domova","description":"Ani ne za m\u011bs\u00edc tady po roce op\u011bt m\u00e1me v\u00e1no\u010dn\u00ed sv\u00e1tky. V\u00e1no\u010dn\u00ed \u010das pr\u00e1v\u011b nast\u00e1v\u00e1 prvn\u00ed adventn\u00ed ned\u011bl\u00ed, kdy lid\u00e9 za\u010dnou zdobit sv\u00e9 domovy. A co si budeme nalh\u00e1vat, je to v\u0161echno p\u0159edev\u0161\u00edm o sv\u011bt\u00fdlk\u00e1ch a roztomil\u00fdch dekorac\u00edch. Sv\u011bt\u00fdlek to chce mnoho a \u010d\u00edm v\u00edce, t\u00edm rozhodn\u011b l\u00e9pe. Na baterky nebo na elekt\u0159inu, je to [&hellip;]","datePublished":"2021-11-02","dateModified":"2023-05-24","author":{"@type":"Person","@id":"https:\/\/www.mpzp.cz\/author\/#Person","name":"","url":"https:\/\/www.mpzp.cz\/author\/","identifier":1,"image":{"@type":"ImageObject","@id":"https:\/\/secure.gravatar.com\/avatar\/9bbe1b3bd68cf5b616cc697a459b86e3be4df6c120806baf939f8aad94b0a3d6?s=96&d=mm&r=g","url":"https:\/\/secure.gravatar.com\/avatar\/9bbe1b3bd68cf5b616cc697a459b86e3be4df6c120806baf939f8aad94b0a3d6?s=96&d=mm&r=g","height":96,"width":96}},"publisher":{"@type":"Organization","name":"mpzp.cz","logo":{"@type":"ImageObject","@id":"\/logo.png","url":"\/logo.png","width":600,"height":60}},"image":{"@type":"ImageObject","@id":"https:\/\/www.mpzp.cz\/wp-content\/uploads\/bezova_lampa_bIuGo8.jpg","url":"https:\/\/www.mpzp.cz\/wp-content\/uploads\/bezova_lampa_bIuGo8.jpg","height":0,"width":0},"url":"https:\/\/www.mpzp.cz\/vanoce-v-pohodli-domova\/","about":["N\u00e1kupy"],"wordCount":475,"articleBody":"        Ani ne za m\u011bs\u00edc tady po roce op\u011bt m\u00e1me v\u00e1no\u010dn\u00ed sv\u00e1tky. V\u00e1no\u010dn\u00ed \u010das pr\u00e1v\u011b nast\u00e1v\u00e1 prvn\u00ed adventn\u00ed ned\u011bl\u00ed, kdy lid\u00e9 za\u010dnou zdobit sv\u00e9 domovy. A co si budeme nalh\u00e1vat, je to v\u0161echno p\u0159edev\u0161\u00edm o sv\u011bt\u00fdlk\u00e1ch a roztomil\u00fdch dekorac\u00edch. Sv\u011bt\u00fdlek to chce mnoho a \u010d\u00edm v\u00edce, t\u00edm rozhodn\u011b l\u00e9pe. Na baterky nebo na elekt\u0159inu, je to jedno, hlavn\u011b, \u017ee to bude sv\u00edtit, blikat a za\u017eehne to v\u00e1no\u010dn\u00ed atmosf\u00e9ru ve v\u0161ech srdc\u00edch, nejenom t\u011bch d\u011btsk\u00fdch, ale i t\u011bch dosp\u011bl\u00fdch. Nemus\u00ed to b\u00fdt jenom v oknech, ale m\u016f\u017eete rozz\u00e1\u0159it i p\u0159\u00edmo v\u00e1\u0161 interi\u00e9r pou\u017eit\u00edm t\u011bch spr\u00e1vn\u00fdch v\u00e1no\u010dn\u00edch dekorac\u00ed. Nejv\u00edce se k V\u00e1noc\u016fm hod\u00ed \u010derven\u00e1, zelen\u00e1, zlat\u00e1 nebo st\u0159\u00edbrn\u00e1 barva. Vid\u011bli jste v\u00e1no\u010dn\u00ed filmy? Uv\u011bdomili jste si n\u011bkdy, \u017ee je v nich z\u00e1m\u011brn\u011b vyu\u017eito t\u011bchto barev? Nen\u00ed divn\u00e9, \u017ee Kevin McCallister m\u00e1 doma jenom \u010derven\u00e9 nebo zelen\u00e9 dopl\u0148ky? Pr\u00e1v\u011b proto z filmu S\u00e1m doma d\u00fdch\u00e1 ta prav\u00e1 v\u00e1no\u010dn\u00ed atmosf\u00e9ra. Ameri\u010dan\u00e9 to prost\u011b um\u00ed.   Rozsvi\u0165te sv\u011bt\u00fdlka a o\u010di va\u0161ich d\u011bt\u00ed V\u011bnujte pozornost tomu, \u017ee pr\u00e1v\u011b pozornost t\u011bch nejmen\u0161\u00edch upoutaj\u00ed p\u0159edev\u0161\u00edm sv\u011bt\u00fdlka. Vytv\u00e1\u0159\u00ed toti\u017e \u00fatulnost a teplo domova. T\u00edm se tak l\u00e9pe budeme d\u011btem vst\u0159eb\u00e1vat duch V\u00e1noc. Po\u0159i\u010fte si dom\u016f nejr\u016fzn\u011bj\u0161\u00ed dekora\u010dn\u00ed lampy, keramick\u00e1 so\u0161ka and\u011bla polo\u017een\u00e1 ke zb\u00fdvaj\u00edc\u00edm v\u00e1no\u010dn\u00edm dekorac\u00edm tak\u00e9 bude vypadat naprosto bombasticky v\u00e1no\u010dn\u011b. Samoz\u0159ejm\u011b to v\u0161echno je\u0161t\u011b dokouzl\u00ed v\u00e1no\u010dn\u00ed strome\u010dek se sv\u011bt\u00fdlky, a hlavn\u011b s d\u00e1rky, ale na to je je\u0161t\u011b \u010das. Prozat\u00edm si poj\u010fme u\u017e\u00edvat atmosf\u00e9ry za\u010d\u00ednaj\u00edc\u00edho adventn\u00edho obdob\u00ed.  Na v\u00fdlet to nikam asi nebude vzhledem k situaci s on\u00edm onemocn\u011bn\u00edm, kter\u00e9 n\u00e1m sou\u017e\u00ed \u017eivoty u\u017e dva roky, ale proto si to poj\u010fme v dom\u00e1c\u00edm prost\u0159ed\u00ed ud\u011blat je\u0161t\u011b hez\u010d\u00ed a \u00fatuln\u011bj\u0161\u00ed, aby n\u00e1m to d\u011blalo radost a na\u0161im nejbli\u017e\u0161\u00edm tak\u00e9. On ten v\u00e1no\u010dn\u00ed \u010das je tak\u00e9 p\u0159edev\u0161\u00edm o tom tr\u00e1ven\u00ed \u010dasu s na\u0161imi bl\u00edzk\u00fdmi, kter\u00fd bychom si m\u011bli pat\u0159i\u010dn\u011b u\u017e\u00edt, a hlavn\u011b si ho v\u00e1\u017eit, proto\u017ee to nejsou ty hmotn\u00e9 d\u00e1rky, co je nejdra\u017e\u0161\u00ed, ale pr\u00e1v\u011b zdrav\u00ed a spole\u010dn\u00e9 z\u00e1\u017eitky.                                                                                                                                                                                                                                                                                                                                                                                          4.3\/5 - (7 votes)        "},{"@context":"https:\/\/schema.org\/","@type":"BreadcrumbList","itemListElement":[{"@type":"ListItem","position":1,"name":"V\u00e1noce v pohodl\u00ed domova","item":"https:\/\/www.mpzp.cz\/vanoce-v-pohodli-domova\/#breadcrumbitem"}]}]