[{"@context":"https:\/\/schema.org\/","@type":"Article","@id":"https:\/\/www.mpzp.cz\/showroom-pro-vas\/#Article","mainEntityOfPage":"https:\/\/www.mpzp.cz\/showroom-pro-vas\/","headline":"Showroom pro V\u00e1s","name":"Showroom pro V\u00e1s","description":"P\u0159ipravili jsme pro V\u00e1s senza\u010dn\u00ed nab\u00eddku, ve kter\u00e9 najdete v\u00ed\u0159ivky Ostrava, kter\u00e9 si m\u016f\u017eete vybrat v pohodl\u00ed domova po porovn\u00e1n\u00ed v\u0161ech po\u017eadovan\u00fdch parametr\u016f a po konzultaci se v\u0161emi \u010dleny dom\u00e1cnosti. Nemus\u00edte samoz\u0159ejm\u011b z\u016fstat u virtu\u00e1ln\u00edho prohl\u00ed\u017een\u00ed, proto\u017ee jsme pro V\u00e1s p\u0159ipravili i showroomy, kter\u00e9 po\u0159\u00e1d\u00e1me v hlavn\u00edm m\u011bst\u011b nebo v Ostrav\u011b, abychom zajistili dostupnost pro [&hellip;]","datePublished":"2025-04-25","dateModified":"2025-04-25","author":{"@type":"Person","@id":"https:\/\/www.mpzp.cz\/author\/#Person","name":"","url":"https:\/\/www.mpzp.cz\/author\/","identifier":1,"image":{"@type":"ImageObject","@id":"https:\/\/secure.gravatar.com\/avatar\/9bbe1b3bd68cf5b616cc697a459b86e3be4df6c120806baf939f8aad94b0a3d6?s=96&d=mm&r=g","url":"https:\/\/secure.gravatar.com\/avatar\/9bbe1b3bd68cf5b616cc697a459b86e3be4df6c120806baf939f8aad94b0a3d6?s=96&d=mm&r=g","height":96,"width":96}},"publisher":{"@type":"Organization","name":"mpzp.cz","logo":{"@type":"ImageObject","@id":"\/logo.png","url":"\/logo.png","width":600,"height":60}},"url":"https:\/\/www.mpzp.cz\/showroom-pro-vas\/","wordCount":162,"articleBody":"P\u0159ipravili jsme pro V\u00e1s senza\u010dn\u00ed nab\u00eddku, ve kter\u00e9 najdete v\u00ed\u0159ivky Ostrava, kter\u00e9 si m\u016f\u017eete vybrat v pohodl\u00ed domova po porovn\u00e1n\u00ed v\u0161ech po\u017eadovan\u00fdch parametr\u016f a po konzultaci se v\u0161emi \u010dleny dom\u00e1cnosti. Nemus\u00edte samoz\u0159ejm\u011b z\u016fstat u virtu\u00e1ln\u00edho prohl\u00ed\u017een\u00ed, proto\u017ee jsme pro V\u00e1s p\u0159ipravili i showroomy, kter\u00e9 po\u0159\u00e1d\u00e1me v hlavn\u00edm m\u011bst\u011b nebo v Ostrav\u011b, abychom zajistili dostupnost pro na\u0161e z\u00e1kazn\u00edky. Myslete i na sebe Nezapome\u0148te si ob\u010das vzpomenout i na sebe a odm\u011bnit se za ka\u017edodenn\u00ed n\u00e1mahu v pr\u00e1ci n\u00e1kupem v\u00ed\u0159ivky Ostrava. Sestavili jsme pro V\u00e1s ten nejkvalifikovan\u011bj\u0161\u00ed t\u00fdm, kter\u00fd je p\u0159ipraven V\u00e1m kdykoli pomoci a poradit s v\u00fdb\u011brem t\u00e9 nejv\u00edce vyhovuj\u00edc\u00ed vany. Investujte do sv\u00e9ho zdrav\u00ed a relaxujte p\u0159\u00edmo doma ve vlastn\u00edm mal\u00e9m wellness centru.                                                                                                                                                                                                                                                                                                                                                                                                "},{"@context":"https:\/\/schema.org\/","@type":"BreadcrumbList","itemListElement":[{"@type":"ListItem","position":1,"name":"Showroom pro V\u00e1s","item":"https:\/\/www.mpzp.cz\/showroom-pro-vas\/#breadcrumbitem"}]}]