[{"@context":"https:\/\/schema.org\/","@type":"Blog","@id":"https:\/\/www.mpzp.cz#Blog","headline":"Mpzp","description":"\nV soukrom\u00e9m podnik\u00e1n\u00ed to nikdy neb\u00fdv\u00e1 pr\u00e1v\u011b jednoduch\u00e9. Ale s pomoc\u00ed rad z na\u0161eho webu to m\u016f\u017ee b\u00fdt pro kdekoho p\u0159ece jenom o pozn\u00e1n\u00ed jednodu\u0161\u0161\u00ed.","url":"https:\/\/www.mpzp.cz","hasPart":[{"@type":"Article","@id":"https:\/\/www.mpzp.cz\/prakticky-seznam-svatebnich-darku\/","headline":"Praktick\u00fd seznam svatebn\u00edch d\u00e1rk\u016f","url":"https:\/\/www.mpzp.cz\/prakticky-seznam-svatebnich-darku\/","datePublished":"2020-02-17","dateModified":"2023-05-24","mainEntityOfPage":"https:\/\/www.mpzp.cz\/prakticky-seznam-svatebnich-darku\/","author":{"@type":"Person","@id":"https:\/\/www.mpzp.cz\/author\/#Person","name":"","url":"https:\/\/www.mpzp.cz\/author\/","identifier":1,"image":{"@type":"ImageObject","@id":"https:\/\/secure.gravatar.com\/avatar\/9bbe1b3bd68cf5b616cc697a459b86e3be4df6c120806baf939f8aad94b0a3d6?s=96&d=mm&r=g","url":"https:\/\/secure.gravatar.com\/avatar\/9bbe1b3bd68cf5b616cc697a459b86e3be4df6c120806baf939f8aad94b0a3d6?s=96&d=mm&r=g","height":96,"width":96}},"publisher":{"@type":"Organization","name":"mpzp.cz","logo":{"@type":"ImageObject","@id":"\/logo.png","url":"\/logo.png","width":600,"height":60}},"image":{"@type":"ImageObject","@id":"https:\/\/www.mpzp.cz\/wp-content\/uploads\/img_a371850_w3044_t1583011163.png","url":"https:\/\/www.mpzp.cz\/wp-content\/uploads\/img_a371850_w3044_t1583011163.png","height":0,"width":0},"wordCount":4417,"keywords":null},{"@type":"Article","@id":"https:\/\/www.mpzp.cz\/vyhledavani-na-internetu\/","headline":"Vyhled\u00e1v\u00e1n\u00ed na internetu","url":"https:\/\/www.mpzp.cz\/vyhledavani-na-internetu\/","datePublished":"2020-01-23","dateModified":"2023-05-24","mainEntityOfPage":"https:\/\/www.mpzp.cz\/vyhledavani-na-internetu\/","author":{"@type":"Person","@id":"https:\/\/www.mpzp.cz\/author\/#Person","name":"","url":"https:\/\/www.mpzp.cz\/author\/","identifier":1,"image":{"@type":"ImageObject","@id":"https:\/\/secure.gravatar.com\/avatar\/9bbe1b3bd68cf5b616cc697a459b86e3be4df6c120806baf939f8aad94b0a3d6?s=96&d=mm&r=g","url":"https:\/\/secure.gravatar.com\/avatar\/9bbe1b3bd68cf5b616cc697a459b86e3be4df6c120806baf939f8aad94b0a3d6?s=96&d=mm&r=g","height":96,"width":96}},"publisher":{"@type":"Organization","name":"mpzp.cz","logo":{"@type":"ImageObject","@id":"\/logo.png","url":"\/logo.png","width":600,"height":60}},"image":{"@type":"ImageObject","@id":"https:\/\/www.mpzp.cz\/wp-content\/uploads\/img_a366797_w3408_t1579375908.jpg","url":"https:\/\/www.mpzp.cz\/wp-content\/uploads\/img_a366797_w3408_t1579375908.jpg","height":0,"width":0},"wordCount":425,"keywords":null},{"@type":"Article","@id":"https:\/\/www.mpzp.cz\/world-wine-web-www\/","headline":"World Wine Web \u2013 WWW","url":"https:\/\/www.mpzp.cz\/world-wine-web-www\/","datePublished":"2020-01-09","dateModified":"2023-05-24","mainEntityOfPage":"https:\/\/www.mpzp.cz\/world-wine-web-www\/","author":{"@type":"Person","@id":"https:\/\/www.mpzp.cz\/author\/#Person","name":"","url":"https:\/\/www.mpzp.cz\/author\/","identifier":1,"image":{"@type":"ImageObject","@id":"https:\/\/secure.gravatar.com\/avatar\/9bbe1b3bd68cf5b616cc697a459b86e3be4df6c120806baf939f8aad94b0a3d6?s=96&d=mm&r=g","url":"https:\/\/secure.gravatar.com\/avatar\/9bbe1b3bd68cf5b616cc697a459b86e3be4df6c120806baf939f8aad94b0a3d6?s=96&d=mm&r=g","height":96,"width":96}},"publisher":{"@type":"Organization","name":"mpzp.cz","logo":{"@type":"ImageObject","@id":"\/logo.png","url":"\/logo.png","width":600,"height":60}},"image":{"@type":"ImageObject","@id":"https:\/\/www.mpzp.cz\/wp-content\/uploads\/img_a368183_w3765_t1580467813.jpg","url":"https:\/\/www.mpzp.cz\/wp-content\/uploads\/img_a368183_w3765_t1580467813.jpg","height":0,"width":0},"wordCount":417,"keywords":null},{"@type":"Article","@id":"https:\/\/www.mpzp.cz\/nosic-kol-na-tazne-zarizeni-je-vyhodnejsi-nez-stresni-nosice\/","headline":"Nosi\u010d kol na ta\u017en\u00e9 za\u0159\u00edzen\u00ed je v\u00fdhodn\u011bj\u0161\u00ed ne\u017e st\u0159e\u0161n\u00ed nosi\u010de","url":"https:\/\/www.mpzp.cz\/nosic-kol-na-tazne-zarizeni-je-vyhodnejsi-nez-stresni-nosice\/","datePublished":"2020-01-06","dateModified":"2023-05-24","mainEntityOfPage":"https:\/\/www.mpzp.cz\/nosic-kol-na-tazne-zarizeni-je-vyhodnejsi-nez-stresni-nosice\/","author":{"@type":"Person","@id":"https:\/\/www.mpzp.cz\/author\/#Person","name":"","url":"https:\/\/www.mpzp.cz\/author\/","identifier":1,"image":{"@type":"ImageObject","@id":"https:\/\/secure.gravatar.com\/avatar\/9bbe1b3bd68cf5b616cc697a459b86e3be4df6c120806baf939f8aad94b0a3d6?s=96&d=mm&r=g","url":"https:\/\/secure.gravatar.com\/avatar\/9bbe1b3bd68cf5b616cc697a459b86e3be4df6c120806baf939f8aad94b0a3d6?s=96&d=mm&r=g","height":96,"width":96}},"publisher":{"@type":"Organization","name":"mpzp.cz","logo":{"@type":"ImageObject","@id":"\/logo.png","url":"\/logo.png","width":600,"height":60}},"image":{"@type":"ImageObject","@id":"https:\/\/www.mpzp.cz\/wp-content\/uploads\/img_a347598_w1748_t1562064197.jpg","url":"https:\/\/www.mpzp.cz\/wp-content\/uploads\/img_a347598_w1748_t1562064197.jpg","height":0,"width":0},"wordCount":526,"keywords":null},{"@type":"Article","@id":"https:\/\/www.mpzp.cz\/jak-resit-financni-trable\/","headline":"Jak \u0159e\u0161it finan\u010dn\u00ed trable","url":"https:\/\/www.mpzp.cz\/jak-resit-financni-trable\/","datePublished":"2019-12-21","dateModified":"2023-05-24","mainEntityOfPage":"https:\/\/www.mpzp.cz\/jak-resit-financni-trable\/","author":{"@type":"Person","@id":"https:\/\/www.mpzp.cz\/author\/#Person","name":"","url":"https:\/\/www.mpzp.cz\/author\/","identifier":1,"image":{"@type":"ImageObject","@id":"https:\/\/secure.gravatar.com\/avatar\/9bbe1b3bd68cf5b616cc697a459b86e3be4df6c120806baf939f8aad94b0a3d6?s=96&d=mm&r=g","url":"https:\/\/secure.gravatar.com\/avatar\/9bbe1b3bd68cf5b616cc697a459b86e3be4df6c120806baf939f8aad94b0a3d6?s=96&d=mm&r=g","height":96,"width":96}},"publisher":{"@type":"Organization","name":"mpzp.cz","logo":{"@type":"ImageObject","@id":"\/logo.png","url":"\/logo.png","width":600,"height":60}},"image":{"@type":"ImageObject","@id":"https:\/\/www.mpzp.cz\/wp-content\/uploads\/img_a377743_w4388_t1589265638.jpg","url":"https:\/\/www.mpzp.cz\/wp-content\/uploads\/img_a377743_w4388_t1589265638.jpg","height":0,"width":0},"wordCount":547,"keywords":null},{"@type":"Article","@id":"https:\/\/www.mpzp.cz\/proc-jsou-zlata-cisla-tak-oblibena\/","headline":"Pro\u010d jsou zlat\u00e1 \u010d\u00edsla tak obl\u00edben\u00e1","url":"https:\/\/www.mpzp.cz\/proc-jsou-zlata-cisla-tak-oblibena\/","datePublished":"2019-11-06","dateModified":"2023-05-24","mainEntityOfPage":"https:\/\/www.mpzp.cz\/proc-jsou-zlata-cisla-tak-oblibena\/","author":{"@type":"Person","@id":"https:\/\/www.mpzp.cz\/author\/#Person","name":"","url":"https:\/\/www.mpzp.cz\/author\/","identifier":1,"image":{"@type":"ImageObject","@id":"https:\/\/secure.gravatar.com\/avatar\/9bbe1b3bd68cf5b616cc697a459b86e3be4df6c120806baf939f8aad94b0a3d6?s=96&d=mm&r=g","url":"https:\/\/secure.gravatar.com\/avatar\/9bbe1b3bd68cf5b616cc697a459b86e3be4df6c120806baf939f8aad94b0a3d6?s=96&d=mm&r=g","height":96,"width":96}},"publisher":{"@type":"Organization","name":"mpzp.cz","logo":{"@type":"ImageObject","@id":"\/logo.png","url":"\/logo.png","width":600,"height":60}},"image":{"@type":"ImageObject","@id":"https:\/\/www.mpzp.cz\/wp-content\/uploads\/img_a376706_w4361_t1588243969.png","url":"https:\/\/www.mpzp.cz\/wp-content\/uploads\/img_a376706_w4361_t1588243969.png","height":0,"width":0},"wordCount":619,"keywords":null},{"@type":"Article","@id":"https:\/\/www.mpzp.cz\/nejezdete-do-zahranici-hory-urcite-u-nas\/","headline":"Nejezd\u011bte do zahrani\u010d\u00ed hory ur\u010dit\u011b u n\u00e1s","url":"https:\/\/www.mpzp.cz\/nejezdete-do-zahranici-hory-urcite-u-nas\/","datePublished":"2019-10-18","dateModified":"2023-05-24","mainEntityOfPage":"https:\/\/www.mpzp.cz\/nejezdete-do-zahranici-hory-urcite-u-nas\/","author":{"@type":"Person","@id":"https:\/\/www.mpzp.cz\/author\/#Person","name":"","url":"https:\/\/www.mpzp.cz\/author\/","identifier":1,"image":{"@type":"ImageObject","@id":"https:\/\/secure.gravatar.com\/avatar\/9bbe1b3bd68cf5b616cc697a459b86e3be4df6c120806baf939f8aad94b0a3d6?s=96&d=mm&r=g","url":"https:\/\/secure.gravatar.com\/avatar\/9bbe1b3bd68cf5b616cc697a459b86e3be4df6c120806baf939f8aad94b0a3d6?s=96&d=mm&r=g","height":96,"width":96}},"publisher":{"@type":"Organization","name":"mpzp.cz","logo":{"@type":"ImageObject","@id":"\/logo.png","url":"\/logo.png","width":600,"height":60}},"image":{"@type":"ImageObject","@id":"https:\/\/www.mpzp.cz\/wp-content\/uploads\/img_a357882_w3725_t1572193415.jpg","url":"https:\/\/www.mpzp.cz\/wp-content\/uploads\/img_a357882_w3725_t1572193415.jpg","height":0,"width":0},"wordCount":4669,"keywords":null},{"@type":"Article","@id":"https:\/\/www.mpzp.cz\/plavani-i-v-zime\/","headline":"Plav\u00e1n\u00ed i v zim\u011b","url":"https:\/\/www.mpzp.cz\/plavani-i-v-zime\/","datePublished":"2019-10-09","dateModified":"2024-05-06","mainEntityOfPage":"https:\/\/www.mpzp.cz\/plavani-i-v-zime\/","author":{"@type":"Person","@id":"https:\/\/www.mpzp.cz\/author\/#Person","name":"","url":"https:\/\/www.mpzp.cz\/author\/","identifier":1,"image":{"@type":"ImageObject","@id":"https:\/\/secure.gravatar.com\/avatar\/9bbe1b3bd68cf5b616cc697a459b86e3be4df6c120806baf939f8aad94b0a3d6?s=96&d=mm&r=g","url":"https:\/\/secure.gravatar.com\/avatar\/9bbe1b3bd68cf5b616cc697a459b86e3be4df6c120806baf939f8aad94b0a3d6?s=96&d=mm&r=g","height":96,"width":96}},"publisher":{"@type":"Organization","name":"mpzp.cz","logo":{"@type":"ImageObject","@id":"\/logo.png","url":"\/logo.png","width":600,"height":60}},"image":{"@type":"ImageObject","@id":"https:\/\/www.mpzp.cz\/wp-content\/uploads\/img_a367100_w3408_t1579508254.jpg","url":"https:\/\/www.mpzp.cz\/wp-content\/uploads\/img_a367100_w3408_t1579508254.jpg","height":0,"width":0},"wordCount":546,"keywords":null},{"@type":"Article","@id":"https:\/\/www.mpzp.cz\/susicky-pradla\/","headline":"Su\u0161i\u010dky pr\u00e1dla","url":"https:\/\/www.mpzp.cz\/susicky-pradla\/","datePublished":"2019-10-02","dateModified":"2023-05-24","mainEntityOfPage":"https:\/\/www.mpzp.cz\/susicky-pradla\/","author":{"@type":"Person","@id":"https:\/\/www.mpzp.cz\/author\/#Person","name":"","url":"https:\/\/www.mpzp.cz\/author\/","identifier":1,"image":{"@type":"ImageObject","@id":"https:\/\/secure.gravatar.com\/avatar\/9bbe1b3bd68cf5b616cc697a459b86e3be4df6c120806baf939f8aad94b0a3d6?s=96&d=mm&r=g","url":"https:\/\/secure.gravatar.com\/avatar\/9bbe1b3bd68cf5b616cc697a459b86e3be4df6c120806baf939f8aad94b0a3d6?s=96&d=mm&r=g","height":96,"width":96}},"publisher":{"@type":"Organization","name":"mpzp.cz","logo":{"@type":"ImageObject","@id":"\/logo.png","url":"\/logo.png","width":600,"height":60}},"image":{"@type":"ImageObject","@id":"https:\/\/www.mpzp.cz\/wp-content\/uploads\/img_a357537_w3245_t1572103308.jpg","url":"https:\/\/www.mpzp.cz\/wp-content\/uploads\/img_a357537_w3245_t1572103308.jpg","height":0,"width":0},"wordCount":4508,"keywords":null},{"@type":"Article","@id":"https:\/\/www.mpzp.cz\/naucte-zenu-minimalismu\/","headline":"Nau\u010dte \u017eenu minimalismu","url":"https:\/\/www.mpzp.cz\/naucte-zenu-minimalismu\/","datePublished":"2019-09-22","dateModified":"2023-05-24","mainEntityOfPage":"https:\/\/www.mpzp.cz\/naucte-zenu-minimalismu\/","author":{"@type":"Person","@id":"https:\/\/www.mpzp.cz\/author\/#Person","name":"","url":"https:\/\/www.mpzp.cz\/author\/","identifier":1,"image":{"@type":"ImageObject","@id":"https:\/\/secure.gravatar.com\/avatar\/9bbe1b3bd68cf5b616cc697a459b86e3be4df6c120806baf939f8aad94b0a3d6?s=96&d=mm&r=g","url":"https:\/\/secure.gravatar.com\/avatar\/9bbe1b3bd68cf5b616cc697a459b86e3be4df6c120806baf939f8aad94b0a3d6?s=96&d=mm&r=g","height":96,"width":96}},"publisher":{"@type":"Organization","name":"mpzp.cz","logo":{"@type":"ImageObject","@id":"\/logo.png","url":"\/logo.png","width":600,"height":60}},"image":{"@type":"ImageObject","@id":"https:\/\/www.mpzp.cz\/wp-content\/uploads\/img_a354648_w3408_t1569244152.jpg","url":"https:\/\/www.mpzp.cz\/wp-content\/uploads\/img_a354648_w3408_t1569244152.jpg","height":0,"width":0},"wordCount":534,"keywords":null}]},{"@context":"https:\/\/schema.org","@type":"WebSite","@id":"https:\/\/www.mpzp.cz\/#website","name":"Mpzp","url":"https:\/\/www.mpzp.cz","potentialAction":{"@type":"SearchAction","target":"https:\/\/www.mpzp.cz\/?s={search_term_string}","query-input":"required name=search_term_string"}}]