[{"@context":"https:\/\/schema.org\/","@type":"Article","@id":"https:\/\/www.mpzp.cz\/oblekate-se-umerne-veku-nebo-radeji-borite-konvence\/#Article","mainEntityOfPage":"https:\/\/www.mpzp.cz\/oblekate-se-umerne-veku-nebo-radeji-borite-konvence\/","headline":"Obl\u00e9k\u00e1te se \u00fam\u011brn\u011b v\u011bku, nebo rad\u011bji bo\u0159\u00edte konvence?","name":"Obl\u00e9k\u00e1te se \u00fam\u011brn\u011b v\u011bku, nebo rad\u011bji bo\u0159\u00edte konvence?","description":"R\u010den\u00ed, \u017ee \u0161aty d\u011blaj\u00ed \u010dlov\u011bka, u\u017e pozb\u00fdv\u00e1 sv\u00e9ho v\u00fdznamu. Dnes u\u017e se toti\u017e lid\u00e9 neobl\u00e9kaj\u00ed podle sv\u00e9ho postaven\u00ed, \u010di v\u011bku, ale nos\u00ed zkr\u00e1tka to, co se jim l\u00edb\u00ed. A\u010dkoliv v obchodech najdete ur\u010dit\u00e9 m\u00f3dn\u00ed styly, kter\u00e9 pr\u00e1v\u011b onen rok let\u00ed, spousta lid\u00ed ned\u00e1 dopustit na od\u011bvy ze zahrani\u010d\u00ed, \u010di z druh\u00e9 ruky, a tak vytv\u00e1\u0159ej\u00ed [&hellip;]","datePublished":"2021-09-22","dateModified":"2023-05-24","author":{"@type":"Person","@id":"https:\/\/www.mpzp.cz\/author\/#Person","name":"","url":"https:\/\/www.mpzp.cz\/author\/","identifier":1,"image":{"@type":"ImageObject","@id":"https:\/\/secure.gravatar.com\/avatar\/9bbe1b3bd68cf5b616cc697a459b86e3be4df6c120806baf939f8aad94b0a3d6?s=96&d=mm&r=g","url":"https:\/\/secure.gravatar.com\/avatar\/9bbe1b3bd68cf5b616cc697a459b86e3be4df6c120806baf939f8aad94b0a3d6?s=96&d=mm&r=g","height":96,"width":96}},"publisher":{"@type":"Organization","name":"mpzp.cz","logo":{"@type":"ImageObject","@id":"\/logo.png","url":"\/logo.png","width":600,"height":60}},"image":{"@type":"ImageObject","@id":"https:\/\/www.mpzp.cz\/wp-content\/uploads\/happy-mothers-day-3394510_640.jpg","url":"https:\/\/www.mpzp.cz\/wp-content\/uploads\/happy-mothers-day-3394510_640.jpg","height":0,"width":0},"url":"https:\/\/www.mpzp.cz\/oblekate-se-umerne-veku-nebo-radeji-borite-konvence\/","about":["M\u00f3da"],"wordCount":525,"articleBody":"R\u010den\u00ed, \u017ee \u0161aty d\u011blaj\u00ed \u010dlov\u011bka, u\u017e pozb\u00fdv\u00e1 sv\u00e9ho v\u00fdznamu. Dnes u\u017e se toti\u017e lid\u00e9 neobl\u00e9kaj\u00ed podle sv\u00e9ho postaven\u00ed, \u010di v\u011bku, ale nos\u00ed zkr\u00e1tka to, co se jim l\u00edb\u00ed. A\u010dkoliv v obchodech najdete ur\u010dit\u00e9 m\u00f3dn\u00ed styly, kter\u00e9 pr\u00e1v\u011b onen rok let\u00ed, spousta lid\u00ed ned\u00e1 dopustit na od\u011bvy ze zahrani\u010d\u00ed, \u010di z druh\u00e9 ruky, a tak vytv\u00e1\u0159ej\u00ed zaj\u00edmav\u00e9 kreace, kter\u00e9 jim dovoluj\u00ed b\u00fdt sami sebou. P\u0159esto v\u00e1s mo\u017en\u00e1 zaraz\u00ed, kdy\u017e na ulici potk\u00e1te \u017eenu po \u0161edes\u00e1tce, kter\u00e1 si vykra\u010duje v \u00fazk\u00e9 minisukni, nohy m\u00e1 obta\u017een\u00e9 podkolenkami, a na tri\u010dku m\u00e1 v\u00fdsm\u011b\u0161n\u00fd n\u00e1pis. \u0158\u00edk\u00e1te si, \u017ee tohle u\u017e je moc? \u017de ta pan\u00ed nem\u00e1 soudnost? Nebo to z v\u00e1s mluv\u00ed poz\u016fstatek my\u0161lenkov\u00fdch sm\u011br\u016f, kter\u00e9 \u0159\u00edkaj\u00ed, \u017ee star\u0161\u00ed je o cudnosti a d\u016fstojnosti?Pro\u010d si star\u00e9 lidi poj\u00edme se star\u00fdm oble\u010den\u00edm?V\u011bt\u0161ina z n\u00e1s, nebo alespo\u0148 z na\u0161ich p\u0159\u00e1tel, m\u011bla v d\u011btstv\u00ed babi\u010dku, kter\u00e1 \u00fazkostliv\u011b dbala na ve\u0161ker\u00fd sv\u016fj majetek, nic nevyhazovala, a v jej\u00ed sk\u0159\u00edni tak \u0161lo objevit nejr\u016fzn\u011bj\u0161\u00ed kousky z \u00e9r d\u00e1vno zapomenut\u00fdch. Ono to v\u0161ak nen\u00ed v\u011bkem, ale v\u00fdchovou, a dobou, ve kter\u00e9 tito lid\u00e9 vyr\u016fstali. Zat\u00edmco my si u\u017e\u00edv\u00e1me nadbytku, v\u0161eho je dost, a v\u0161e je dostupn\u00e9, tehdy to tak nebylo. Jedna zimn\u00ed bunda musela slou\u017eit dlouh\u00e9 dek\u00e1dy, ne\u017e ji p\u0159edali d\u00e1l sv\u00fdm mlad\u0161\u00edm sourozenc\u016fm. Obno\u0161en\u00e9 boty se nevyhodily, ale nechaly opravit, aby mohly op\u011bt dob\u0159e slou\u017eit. Tito lid\u00e9 pova\u017eovali za zbyte\u010dn\u00e9 kupovat hromadu nov\u00fdch v\u011bc\u00ed, mnohdy ani tu mo\u017enost nem\u011bli, a tak se n\u011bjakou m\u00f3dou nezab\u00fdvali.Nov\u00e1 doba, nov\u00e9 mo\u017enosti\u017de se ale lid\u00e9 nem\u011bn\u00ed, to p\u0159eci u\u017e d\u00e1vno neplat\u00ed. I ve st\u00e1\u0159\u00ed lze du\u0161evn\u011b r\u016fst, a p\u0159ij\u00edmat nov\u00e9 n\u00e1zory. A tak mnoho star\u0161\u00edch generac\u00ed otev\u00edraj\u00ed o\u010di, a objevuj\u00ed sv\u011bt nekone\u010dn\u00fdch mo\u017enost\u00ed. U\u017e\u00edvaj\u00ed si dovolen\u00e9 u mo\u0159e, u\u010d\u00ed se hr\u00e1t videohry, a obl\u00e9kaj\u00ed modern\u00ed oble\u010den\u00ed.\u00a0Star\u00e9 t\u011blo, mlad\u00e1 du\u0161eOpravdu jste si mysleli, \u017ee sta\u0159\u00ed lid\u00e9 mysl\u00ed pouze na vnou\u010data, \u017eij\u00ed ve vzpom\u00ednk\u00e1ch, a jejich nejv\u011bt\u0161\u00ed starost\u00ed jsou bolav\u00e9 klouby, a \u0161patn\u00e1 \u00faroda? A\u010dkoliv jejich t\u011blo u\u017e n\u011bco za\u017eilo, jejich mysl st\u00e1rnout nemus\u00ed. Pokud n\u011bkoho takov\u00e9ho zn\u00e1te, je to d\u016fkazem jeho siln\u00e9 osobnosti, kter\u00e1 zvl\u00e1dla proj\u00edt v\u0161emi \u017eivotn\u00edmi \u00fatrapami, ani\u017e by se nechali semlet, a vzdali se sv\u00e9ho el\u00e1nu a touhy po \u017eivot\u011b. Mo\u017en\u00e1 je vn\u00edm\u00e1te jako star\u00e9 bl\u00e1zni, ale jsou to lid\u00e9, kte\u0159\u00ed si uv\u011bdomuj\u00ed prchlivost \u017eivota, a cht\u011bj\u00ed z n\u011bj vyt\u011b\u017eit co nejv\u00edce, bez ohledu na n\u00e1zory kolemjdouc\u00edch, kte\u0159\u00ed v\u0161e \u0161katulkuj\u00ed.\u00a0                                                                                                                                                                                                                                                                                                                                                                                        3.5\/5 - (10 votes)        "},{"@context":"https:\/\/schema.org\/","@type":"BreadcrumbList","itemListElement":[{"@type":"ListItem","position":1,"name":"Obl\u00e9k\u00e1te se \u00fam\u011brn\u011b v\u011bku, nebo rad\u011bji bo\u0159\u00edte konvence?","item":"https:\/\/www.mpzp.cz\/oblekate-se-umerne-veku-nebo-radeji-borite-konvence\/#breadcrumbitem"}]}]