[{"@context":"https:\/\/schema.org\/","@type":"Article","@id":"https:\/\/www.mpzp.cz\/laka-vas-jezdeni-v-luxusnim-voze\/#Article","mainEntityOfPage":"https:\/\/www.mpzp.cz\/laka-vas-jezdeni-v-luxusnim-voze\/","headline":"L\u00e1k\u00e1 v\u00e1s je\u017ed\u011bn\u00ed v luxusn\u00edm voze?","name":"L\u00e1k\u00e1 v\u00e1s je\u017ed\u011bn\u00ed v luxusn\u00edm voze?","description":"M\u00e1te r\u00e1di sv\u016fj v\u016fz, ale nep\u0159ipad\u00e1 v\u00e1m dostate\u010dn\u011b elegantn\u00ed? Cht\u011bli byste n\u011bco v\u00edc, n\u011bco, co by ve v\u00e1s probudilo emoce? Jist\u011b si n\u011bco takov\u00e9ho ur\u010dit\u011b p\u0159ijedete, ale dos\u00e1hnout toho nen\u00ed v\u016fbec jednoduch\u00e9. To p\u0159edev\u0161\u00edm d\u00edky tomu, \u017ee nov\u00fd v\u016fz by stal mnoho pen\u011bz, kter\u00e9 ur\u010dit\u011b nem\u00e1te. Co si ale m\u016f\u017eete rozhodn\u011b dop\u0159\u00e1t, jsou auto f\u00f3lie [&hellip;]","datePublished":"2024-04-20","dateModified":"2024-04-20","author":{"@type":"Person","@id":"https:\/\/www.mpzp.cz\/author\/#Person","name":"","url":"https:\/\/www.mpzp.cz\/author\/","identifier":1,"image":{"@type":"ImageObject","@id":"https:\/\/secure.gravatar.com\/avatar\/9bbe1b3bd68cf5b616cc697a459b86e3be4df6c120806baf939f8aad94b0a3d6?s=96&d=mm&r=g","url":"https:\/\/secure.gravatar.com\/avatar\/9bbe1b3bd68cf5b616cc697a459b86e3be4df6c120806baf939f8aad94b0a3d6?s=96&d=mm&r=g","height":96,"width":96}},"publisher":{"@type":"Organization","name":"mpzp.cz","logo":{"@type":"ImageObject","@id":"\/logo.png","url":"\/logo.png","width":600,"height":60}},"url":"https:\/\/www.mpzp.cz\/laka-vas-jezdeni-v-luxusnim-voze\/","wordCount":227,"articleBody":"M\u00e1te r\u00e1di sv\u016fj v\u016fz, ale nep\u0159ipad\u00e1 v\u00e1m dostate\u010dn\u011b elegantn\u00ed? Cht\u011bli byste n\u011bco v\u00edc, n\u011bco, co by ve v\u00e1s probudilo emoce? Jist\u011b si n\u011bco takov\u00e9ho ur\u010dit\u011b p\u0159ijedete, ale dos\u00e1hnout toho nen\u00ed v\u016fbec jednoduch\u00e9. To p\u0159edev\u0161\u00edm d\u00edky tomu, \u017ee nov\u00fd v\u016fz by stal mnoho pen\u011bz, kter\u00e9 ur\u010dit\u011b nem\u00e1te. Co si ale m\u016f\u017eete rozhodn\u011b dop\u0159\u00e1t, jsou auto f\u00f3lie Brno, kter\u00e9 v na\u0161em odborn\u00e9m servise instalujeme. Samotn\u00e1 aplikace t\u011bchto prvk\u016f p\u0159edstavuje souhrn velmi jednoduch\u00fdch \u00fakon\u016f, kter\u00e9 jsme schopni zvl\u00e1dnout do n\u011bkolika hodin tak, abyste si za\u0159\u00eddili, co pot\u0159ebujete a pot\u00e9 mohli odjet se sv\u00fdm vozem zase n\u011bkam d\u00e1l.Decentn\u00ed zm\u011bna, kter\u00e1 pot\u011b\u0161\u00edPraktick\u00e9 vyu\u017eit\u00ed t\u011bchto prvk\u016f je ale opravdu fascinuj\u00edc\u00ed. Jedn\u00e1 se o luxusn\u00ed z\u00e1le\u017eitost p\u0159edev\u0161\u00edm pro ty, kte\u0159\u00ed dbaj\u00ed na to, jak luxusn\u00ed je design samotn\u00e9ho vozidla. Jestli\u017ee jste takovou osobou i vy, rozhodn\u011b se tedy p\u0159ijdete na sv\u00e9. Stejn\u011b tak si u n\u00e1s spln\u00ed sv\u00e1 p\u0159\u00e1n\u00ed i lid\u00e9, kter\u00fdm jde o sn\u00ed\u017een\u00ed spot\u0159eby, a to prost\u0159ednictv\u00edm nepot\u0159ebnosti klimatizace. Tu toti\u017e s touto \u00fapravou budete pou\u017e\u00edvat m\u00e9n\u011b.                                                                                                                                                                                                                                                                                                                                                                                        4.7\/5 - (3 votes)        "},{"@context":"https:\/\/schema.org\/","@type":"BreadcrumbList","itemListElement":[{"@type":"ListItem","position":1,"name":"L\u00e1k\u00e1 v\u00e1s je\u017ed\u011bn\u00ed v luxusn\u00edm voze?","item":"https:\/\/www.mpzp.cz\/laka-vas-jezdeni-v-luxusnim-voze\/#breadcrumbitem"}]}]