[{"@context":"https:\/\/schema.org\/","@type":"Article","@id":"https:\/\/www.mpzp.cz\/krasne-a-velmi-prakticke\/#Article","mainEntityOfPage":"https:\/\/www.mpzp.cz\/krasne-a-velmi-prakticke\/","headline":"Kr\u00e1sn\u00e9 a velmi praktick\u00e9","name":"Kr\u00e1sn\u00e9 a velmi praktick\u00e9","description":"M\u00e1me pro v\u0161echny z v\u00e1s, skv\u011blou a velmi v\u00fdhodnou nab\u00eddku. Nab\u00edz\u00edme v\u00e1m n\u00e1dhern\u00e9 a velmi modern\u00ed vestav\u011bn\u00e9 sk\u0159\u00edn\u011b Praha, kter\u00e9 v\u00e1s velmi pot\u011b\u0161\u00ed svoj\u00ed kr\u00e1sou a dokonalou praktickou str\u00e1nkou. Pouze v na\u0161em pestr\u00e9m v\u00fdb\u011bru, si je sm\u00edte zvolit z takov\u00fdch modern\u00edch a stylov\u00fdch druh\u016f jejich tvarov\u00fdch proporc\u00ed, spojen\u00e9 s kr\u00e1sou n\u00e1dhern\u00fdch druh\u016f barev, kter\u00e9 v\u00e1s [&hellip;]","datePublished":"2025-04-18","dateModified":"2025-04-18","author":{"@type":"Person","@id":"https:\/\/www.mpzp.cz\/author\/#Person","name":"","url":"https:\/\/www.mpzp.cz\/author\/","identifier":1,"image":{"@type":"ImageObject","@id":"https:\/\/secure.gravatar.com\/avatar\/9bbe1b3bd68cf5b616cc697a459b86e3be4df6c120806baf939f8aad94b0a3d6?s=96&d=mm&r=g","url":"https:\/\/secure.gravatar.com\/avatar\/9bbe1b3bd68cf5b616cc697a459b86e3be4df6c120806baf939f8aad94b0a3d6?s=96&d=mm&r=g","height":96,"width":96}},"publisher":{"@type":"Organization","name":"mpzp.cz","logo":{"@type":"ImageObject","@id":"\/logo.png","url":"\/logo.png","width":600,"height":60}},"url":"https:\/\/www.mpzp.cz\/krasne-a-velmi-prakticke\/","wordCount":182,"articleBody":"M\u00e1me pro v\u0161echny z v\u00e1s, skv\u011blou a velmi v\u00fdhodnou nab\u00eddku. Nab\u00edz\u00edme v\u00e1m n\u00e1dhern\u00e9 a velmi modern\u00ed vestav\u011bn\u00e9 sk\u0159\u00edn\u011b Praha, kter\u00e9 v\u00e1s velmi pot\u011b\u0161\u00ed svoj\u00ed kr\u00e1sou a dokonalou praktickou str\u00e1nkou. Pouze v na\u0161em pestr\u00e9m v\u00fdb\u011bru, si je sm\u00edte zvolit z takov\u00fdch modern\u00edch a stylov\u00fdch druh\u016f jejich tvarov\u00fdch proporc\u00ed, spojen\u00e9 s kr\u00e1sou n\u00e1dhern\u00fdch druh\u016f barev, kter\u00e9 v\u00e1s okouzl\u00ed. Pomohou v\u00e1m v ka\u017ed\u00e9m koutku Pouze na\u0161e vestav\u011bn\u00e9 sk\u0159\u00edn\u011b Praha, v\u00e1m pomohou nejen s kr\u00e1sn\u00fdm image va\u0161ich domov\u016f a to v praktick\u00e9m r\u00e1zu, ale d\u00edky jejich kr\u00e1se a p\u016fvabu budete dokonale relaxovat. Jsou velmi p\u016fvabn\u00e9 a d\u00edky jejich modern\u00edmu designu, si n\u00e1dhern\u011b zpest\u0159\u00edte va\u0161e domovy a to opravdu, dle va\u0161ich sn\u016f i p\u0159\u00e1n\u00ed. Vyu\u017eijte tak\u00e9 jejich praktick\u00e9 str\u00e1nky, kterou v\u00e1m p\u0159in\u00e1\u0161ej\u00ed. Pod\u00edvejte se na n\u00e1\u0161 pestr\u00fd v\u00fdb\u011br.                                                                                                                                                                                                                                                                                                                                                                                                "},{"@context":"https:\/\/schema.org\/","@type":"BreadcrumbList","itemListElement":[{"@type":"ListItem","position":1,"name":"Kr\u00e1sn\u00e9 a velmi praktick\u00e9","item":"https:\/\/www.mpzp.cz\/krasne-a-velmi-prakticke\/#breadcrumbitem"}]}]